{"id":2516,"date":"2016-01-10T14:27:28","date_gmt":"2016-01-10T13:27:28","guid":{"rendered":"http:\/\/luberongite.fr\/provence\/?p=2516"},"modified":"2016-01-16T14:58:02","modified_gmt":"2016-01-16T13:58:02","slug":"decouvrez-la-provence-nouvelle-ligne-directe-montreal-marseille-avec-air-transat","status":"publish","type":"post","link":"http:\/\/luberongite.fr\/provence\/infos\/decouvrez-la-provence-nouvelle-ligne-directe-montreal-marseille-avec-air-transat\/","title":{"rendered":"D\u00e9couvrez la Provence &#8211; Nouvelle ligne directe Montr\u00e9al &#8211; Marseille avec Air Transat"},"content":{"rendered":"<div id=\"pl-2516\"  class=\"panel-layout\" ><div id=\"pg-2516-0\"  class=\"panel-grid panel-no-style\" ><div id=\"pgc-2516-0-0\"  class=\"panel-grid-cell\" ><div id=\"panel-2516-0-0-0\" class=\"so-panel widget widget_sow-editor panel-first-child panel-last-child\" data-index=\"0\" ><div\n\t\t\t\n\t\t\tclass=\"so-widget-sow-editor so-widget-sow-editor-base\"\n\t\t\t\n\t\t>\n<div class=\"siteorigin-widget-tinymce textwidget\">\n\t<p><img loading=\"lazy\" decoding=\"async\" class=\"aligncenter size-full wp-image-968\" src=\"http:\/\/luberongite.com\/provence\/wp-content\/uploads\/2014\/07\/Pin-Cougnou.jpg\" alt=\"Pin-Cougnou\" width=\"960\" height=\"230\" srcset=\"http:\/\/luberongite.fr\/provence\/wp-content\/uploads\/2014\/07\/Pin-Cougnou.jpg 960w, http:\/\/luberongite.fr\/provence\/wp-content\/uploads\/2014\/07\/Pin-Cougnou-300x71.jpg 300w\" sizes=\"auto, (max-width: 960px) 100vw, 960px\" \/><\/p>\n<h4><span style=\"text-decoration: underline; color: #993366;\">Vols directs pour la Provence<\/span><\/h4>\n<p>La compagnie a\u00e9rienne <strong>AirTransat<\/strong> ouvre en\u00a02016 une ligne <strong>sans escales<\/strong>\u00a0entre les a\u00e9roports de <strong>Montr\u00e9al (YUL)<\/strong> et <strong>Marseille (MRS)<\/strong>\u00a0.<br \/> Elle propose jusqu'\u00e0 4 vols par semaine du\u00a011 avril au 31 octobre avec des<strong> tarifs avantageux<\/strong> \u00e0 partir de <strong>742 $ CAD Aller-Retour.<\/strong><\/p>\n<p>Infos &amp; R\u00e9servations \u00a0: <a href=\"http:\/\/www.airtransat.com\/fr-CA\/Destinations-du-Canada\/Europe\/France\/Destinations-a-visiter-en-France\/Marseille?_ga=1.201391057.1599616652.1452426397&amp;opentab=photo\" target=\"_blank\">Air Transat<\/a><\/p>\n<h4><span style=\"text-decoration: underline;\"><span style=\"color: #993366; text-decoration: underline;\">D\u00e9couvrir la Provence<\/span><\/span><\/h4>\n<p>Riche d'une histoire mill\u00e9naire et d'un patrimoine naturel pr\u00e9serv\u00e9, la Provence regorge de merveilles \u00e0 d\u00e9couvrir : <strong>Les Parcs naturels<\/strong>\u00a0(Calanques,<strong> Luberon<\/strong>, Camargue), <strong>Marseille<\/strong>, <strong>Aix en Provence<\/strong>, Le <strong>Colorado Proven\u00e7al<\/strong>, etc.<\/p>\n<h4><span style=\"text-decoration: underline;\"><span style=\"color: #993366; text-decoration: underline;\">Se loger dans le parc naturel du Luberon<\/span><\/span><\/h4>\n<p>Proposant deux locations\u00a0de vacances au <strong>c\u0153ur de la Provence <\/strong>au pied du<strong> parc naturel du Luberon,<\/strong> nous serions heureux d'accueillir nos hotes Qu\u00e9b\u00e9cois.<br \/> Nos g\u00eetes enti\u00e8rement am\u00e9nag\u00e9s, sont id\u00e9alement situ\u00e9s pour faire de la randonn\u00e9e, du VTT, et d\u00e9couvrir les nombreux villages m\u00e9di\u00e9vaux autour du Luberon et des Alpilles.<\/p>\n<\/div>\n<\/div><\/div><\/div><\/div><div id=\"pg-2516-1\"  class=\"panel-grid panel-no-style\" ><div id=\"pgc-2516-1-0\"  class=\"panel-grid-cell\" ><div id=\"panel-2516-1-0-0\" class=\"so-panel widget widget_sow-editor panel-first-child panel-last-child\" data-index=\"1\" ><div class=\"panel-widget-style panel-widget-style-for-2516-1-0-0\" ><div\n\t\t\t\n\t\t\tclass=\"so-widget-sow-editor so-widget-sow-editor-base\"\n\t\t\t\n\t\t>\n<div class=\"siteorigin-widget-tinymce textwidget\">\n\t<h4 style=\"text-align: center;\">Les Cerisiers<\/h4>\n<p><a href=\"http:\/\/luberongite.com\/provence\/les-cerisiers-holiday-house-in-provence-luberon\/\"><img loading=\"lazy\" decoding=\"async\" class=\"wp-image-431 size-full aligncenter\" src=\"http:\/\/luberongite.com\/provence\/wp-content\/uploads\/2014\/06\/5D3_8626-BD.jpg\" alt=\"\" width=\"675\" height=\"450\" srcset=\"http:\/\/luberongite.fr\/provence\/wp-content\/uploads\/2014\/06\/5D3_8626-BD.jpg 675w, http:\/\/luberongite.fr\/provence\/wp-content\/uploads\/2014\/06\/5D3_8626-BD-300x200.jpg 300w\" sizes=\"auto, (max-width: 675px) 100vw, 675px\" \/><\/a><\/p>\n<h5 style=\"text-align: center;\">Vue sur les collines du Luberon<br \/>2-chambres<br \/>Village Les Taillades<\/h5>\n<p style=\"text-align: center;\"><span style=\"color: #008000;\"><strong><a style=\"color: #008000;\" href=\"http:\/\/luberongite.com\/provence\/location-vacances-les-cerisiers\/\" target=\"_blank\">A partir de 340\u20ac \/\u00a0semaine<\/a><\/strong><\/span><\/p>\n<\/div>\n<\/div><\/div><\/div><\/div><div id=\"pgc-2516-1-1\"  class=\"panel-grid-cell\" ><div id=\"panel-2516-1-1-0\" class=\"so-panel widget widget_sow-editor panel-first-child panel-last-child\" data-index=\"2\" ><div class=\"panel-widget-style panel-widget-style-for-2516-1-1-0\" ><div\n\t\t\t\n\t\t\tclass=\"so-widget-sow-editor so-widget-sow-editor-base\"\n\t\t\t\n\t\t>\n<div class=\"siteorigin-widget-tinymce textwidget\">\n\t<h4 style=\"text-align: center;\">Le Bon Puits<\/h4>\n<p><a href=\"http:\/\/luberongite.com\/provence\/le-bon-puits-holiday-rental-in-cavaillon-provence-luberon\/\"><img loading=\"lazy\" decoding=\"async\" class=\"aligncenter wp-image-438 size-full\" src=\"http:\/\/luberongite.com\/provence\/wp-content\/uploads\/2014\/06\/5D3_7479.jpg\" alt=\"\" width=\"675\" height=\"450\" srcset=\"http:\/\/luberongite.fr\/provence\/wp-content\/uploads\/2014\/06\/5D3_7479.jpg 675w, http:\/\/luberongite.fr\/provence\/wp-content\/uploads\/2014\/06\/5D3_7479-300x200.jpg 300w\" sizes=\"auto, (max-width: 675px) 100vw, 675px\" \/><\/a><\/p>\n<h5 style=\"text-align: center;\">Studio ensoleill\u00e9 dans Mas Proven\u00e7al<br \/>1\u00a0chambre<br \/> Cavaillon<\/h5>\n<p style=\"text-align: center;\"><span style=\"color: #008000;\"><strong><a style=\"color: #008000;\" href=\"http:\/\/luberongite.com\/provence\/location-vacances-le-bon-puits\/\" target=\"_blank\">A partir de\u00a0310\u20ac \/\u00a0semaine<\/a><\/strong><\/span><\/p>\n<\/div>\n<\/div><\/div><\/div><\/div><\/div><div id=\"pg-2516-2\"  class=\"panel-grid panel-no-style\" ><div id=\"pgc-2516-2-0\"  class=\"panel-grid-cell\" ><div id=\"panel-2516-2-0-0\" class=\"so-panel widget widget_sow-editor panel-first-child panel-last-child\" data-index=\"3\" ><div\n\t\t\t\n\t\t\tclass=\"so-widget-sow-editor so-widget-sow-editor-base\"\n\t\t\t\n\t\t>\n<div class=\"siteorigin-widget-tinymce textwidget\">\n\t<h4><span style=\"text-decoration: underline;\"><span style=\"color: #800080; text-decoration: underline;\">A d\u00e9couvrir dans la R\u00e9gion Provence Luberon<\/span><\/span><\/h4>\n\n\t<div class=\"slideshow_container slideshow_container_style-dark\" style=\"height: 250px; \" data-slideshow-id=\"2402\" data-style-name=\"style-dark\" data-style-version=\"2.3.1\" >\n\n\t\t\t\t\t<div class=\"slideshow_loading_icon\"><\/div>\n\t\t\n\t\t<div class=\"slideshow_content\" style=\"display: none;\">\n\n\t\t\t<div class=\"slideshow_view\">\n\t\t\t\t<div class=\"slideshow_slide slideshow_slide_image\">\n\t\t\t\t\t\t\t\t\t\t\t<img src=\"http:\/\/luberongite.fr\/provence\/wp-content\/uploads\/2015\/08\/Gordes-luberongite.jpg\" alt=\"Gordes\" width=\"1024\" height=\"681\" \/>\n\t\t\t\t\t\t\t\t\t\t<div class=\"slideshow_description_box slideshow_transparent\">\n\t\t\t\t\t\t<div class=\"slideshow_title\">Gordes<\/div>\t\t\t\t\t\t\t\t\t\t\t<\/div>\n\t\t\t\t<\/div>\n\n\t\t\t\t\t\t\n\t\t\t\t<div class=\"slideshow_slide slideshow_slide_image\">\n\t\t\t\t\t\t\t\t\t\t\t<img src=\"http:\/\/luberongite.fr\/provence\/wp-content\/uploads\/2015\/08\/5D3_1657_BD.jpg\" alt=\"Les Taillades\" width=\"675\" height=\"450\" \/>\n\t\t\t\t\t\t\t\t\t\t<div class=\"slideshow_description_box slideshow_transparent\">\n\t\t\t\t\t\t<div class=\"slideshow_title\">Les Taillades<\/div>\t\t\t\t\t\t\t\t\t\t\t<\/div>\n\t\t\t\t<\/div>\n\n\t\t\t\t\t\t\n\t\t\t\t<div class=\"slideshow_slide slideshow_slide_image\">\n\t\t\t\t\t\t\t\t\t\t\t<img src=\"http:\/\/luberongite.fr\/provence\/wp-content\/uploads\/2015\/08\/Avignon-luberongite.jpg\" alt=\"Avignon\" width=\"1000\" height=\"666\" \/>\n\t\t\t\t\t\t\t\t\t\t<div class=\"slideshow_description_box slideshow_transparent\">\n\t\t\t\t\t\t<div class=\"slideshow_title\">Avignon<\/div>\t\t\t\t\t\t\t\t\t\t\t<\/div>\n\t\t\t\t<\/div>\n\n\t\t\t\t\t\t<div style=\"clear: both;\"><\/div><\/div><div class=\"slideshow_view\">\n\t\t\t\t<div class=\"slideshow_slide slideshow_slide_image\">\n\t\t\t\t\t\t\t\t\t\t\t<img src=\"http:\/\/luberongite.fr\/provence\/wp-content\/uploads\/2015\/08\/Lacoste-luberongite.jpg\" alt=\"Lacoste\" width=\"700\" height=\"525\" \/>\n\t\t\t\t\t\t\t\t\t\t<div class=\"slideshow_description_box slideshow_transparent\">\n\t\t\t\t\t\t<div class=\"slideshow_title\">Lacoste<\/div>\t\t\t\t\t\t\t\t\t\t\t<\/div>\n\t\t\t\t<\/div>\n\n\t\t\t\t\t\t\n\t\t\t\t<div class=\"slideshow_slide slideshow_slide_image\">\n\t\t\t\t\t\t\t\t\t\t\t<img src=\"http:\/\/luberongite.fr\/provence\/wp-content\/uploads\/2015\/08\/Isle-sur-la-Sorgue-luberong.jpg\" alt=\"Isle-sur-la-Sorgue\" width=\"1024\" height=\"683\" \/>\n\t\t\t\t\t\t\t\t\t\t<div class=\"slideshow_description_box slideshow_transparent\">\n\t\t\t\t\t\t<div class=\"slideshow_title\">Isle-sur-la-Sorgue<\/div>\t\t\t\t\t\t\t\t\t\t\t<\/div>\n\t\t\t\t<\/div>\n\n\t\t\t\t\t\t\n\t\t\t\t<div class=\"slideshow_slide slideshow_slide_image\">\n\t\t\t\t\t\t\t\t\t\t\t<img src=\"http:\/\/luberongite.fr\/provence\/wp-content\/uploads\/2015\/08\/Fontaine-de-Vaucluse-luberongite-1.jpg\" alt=\"Fontaine-de-Vaucluse\" width=\"550\" height=\"412\" \/>\n\t\t\t\t\t\t\t\t\t\t<div class=\"slideshow_description_box slideshow_transparent\">\n\t\t\t\t\t\t<div class=\"slideshow_title\">Fontaine-de-Vaucluse<\/div>\t\t\t\t\t\t\t\t\t\t\t<\/div>\n\t\t\t\t<\/div>\n\n\t\t\t\t\t\t<div style=\"clear: both;\"><\/div><\/div>\n\t\t<\/div>\n\n\t\t<div class=\"slideshow_controlPanel slideshow_transparent\" style=\"display: none;\"><ul><li class=\"slideshow_togglePlay\" data-play-text=\"Play\" data-pause-text=\"Pause\"><\/li><\/ul><\/div>\n\n\t\t<div class=\"slideshow_button slideshow_previous slideshow_transparent\" role=\"button\" data-previous-text=\"Pr\u00e9c\u00e9dent\" style=\"display: none;\"><\/div>\n\t\t<div class=\"slideshow_button slideshow_next slideshow_transparent\" role=\"button\" data-next-text=\"Suivant\" style=\"display: none;\"><\/div>\n\n\t\t<div class=\"slideshow_pagination\" style=\"display: none;\" data-go-to-text=\"Go to slide\"><div class=\"slideshow_pagination_center\"><\/div><\/div>\n\n\t\t<!-- WordPress Slideshow Version 2.3.1 -->\n\n\t\t\t<\/div>\n\n\n<\/div>\n<\/div><\/div><\/div><\/div><\/div>","protected":false},"excerpt":{"rendered":"<p>Vols directs pour la ProvenceLa compagnie a\u00e9rienne AirTransat ouvre en\u00a02016 une ligne sans escales\u00a0entre les a\u00e9roports de Montr\u00e9al (YUL) et Marseille (MRS)\u00a0. Elle propose jusqu&rsquo;\u00e0 4 vols par semaine du\u00a011 avril au 31 octobre avec des tarifs avantageux \u00e0 partir de 742 $ CAD Aller-Retour.Infos &amp; R\u00e9servations \u00a0: Air TransatD\u00e9couvrir &#8230;<\/p>\n","protected":false},"author":2,"featured_media":2528,"comment_status":"closed","ping_status":"open","sticky":false,"template":"","format":"standard","meta":{"jetpack_post_was_ever_published":false,"_jetpack_newsletter_access":"","_jetpack_dont_email_post_to_subs":false,"_jetpack_newsletter_tier_id":0,"_jetpack_memberships_contains_paywalled_content":false,"_jetpack_memberships_contains_paid_content":false,"footnotes":"","jetpack_publicize_message":"","jetpack_publicize_feature_enabled":true,"jetpack_social_post_already_shared":true,"jetpack_social_options":{"image_generator_settings":{"template":"highway","enabled":false},"version":2}},"categories":[18],"tags":[205,146,15,172,44,206],"class_list":["post-2516","post","type-post","status-publish","format-standard","has-post-thumbnail","hentry","category-infos","tag-air-transat","tag-lavande","tag-luberon","tag-marseille","tag-provence","tag-vols-montreal-marseille","column","threecol","has-thumbnail"],"jetpack_publicize_connections":[],"jetpack_featured_media_url":"http:\/\/luberongite.fr\/provence\/wp-content\/uploads\/2016\/01\/LuberonGite-Provence-Vol-AirTransat-Montreal-Marseille-Bienvenue.jpg","jetpack_sharing_enabled":true,"jetpack_shortlink":"https:\/\/wp.me\/p4ubkp-EA","jetpack_likes_enabled":true,"_links":{"self":[{"href":"http:\/\/luberongite.fr\/provence\/wp-json\/wp\/v2\/posts\/2516","targetHints":{"allow":["GET"]}}],"collection":[{"href":"http:\/\/luberongite.fr\/provence\/wp-json\/wp\/v2\/posts"}],"about":[{"href":"http:\/\/luberongite.fr\/provence\/wp-json\/wp\/v2\/types\/post"}],"author":[{"embeddable":true,"href":"http:\/\/luberongite.fr\/provence\/wp-json\/wp\/v2\/users\/2"}],"replies":[{"embeddable":true,"href":"http:\/\/luberongite.fr\/provence\/wp-json\/wp\/v2\/comments?post=2516"}],"version-history":[{"count":0,"href":"http:\/\/luberongite.fr\/provence\/wp-json\/wp\/v2\/posts\/2516\/revisions"}],"wp:featuredmedia":[{"embeddable":true,"href":"http:\/\/luberongite.fr\/provence\/wp-json\/wp\/v2\/media\/2528"}],"wp:attachment":[{"href":"http:\/\/luberongite.fr\/provence\/wp-json\/wp\/v2\/media?parent=2516"}],"wp:term":[{"taxonomy":"category","embeddable":true,"href":"http:\/\/luberongite.fr\/provence\/wp-json\/wp\/v2\/categories?post=2516"},{"taxonomy":"post_tag","embeddable":true,"href":"http:\/\/luberongite.fr\/provence\/wp-json\/wp\/v2\/tags?post=2516"}],"curies":[{"name":"wp","href":"https:\/\/api.w.org\/{rel}","templated":true}]}}